{"id":101940,"date":"2026-03-13T17:40:23","date_gmt":"2026-03-13T16:40:23","guid":{"rendered":"https:\/\/www.community.tum.de\/?p=101940"},"modified":"2026-03-13T17:56:03","modified_gmt":"2026-03-13T16:56:03","slug":"nina-boehm","status":"publish","type":"post","link":"https:\/\/www.community.tum.de\/en\/nina-boehm\/","title":{"rendered":"B\u00f6hm, Nina"},"content":{"rendered":"","protected":false},"excerpt":{"rendered":"","protected":false},"author":1119,"featured_media":101926,"comment_status":"closed","ping_status":"closed","sticky":false,"template":"","format":"standard","meta":{"_acf_changed":false,"footnotes":""},"categories":[114,133],"tags":[],"class_list":["post-101940","post","type-post","status-publish","format-standard","has-post-thumbnail","hentry","category-alumni-in-digitalization","category-doctorate-at-tum","gruppe-women-of-tum","school-tum-school-of-computation-information-and-technology","ort-tum-alumni-in-europa-en","format-alumni-geschichte-en"],"acf":[],"yoast_head":"<!-- This site is optimized with the Yoast SEO plugin v27.5 - https:\/\/yoast.com\/product\/yoast-seo-wordpress\/ -->\n<title>B\u00f6hm, Nina - TUM Community<\/title>\n<meta name=\"description\" content=\"Nina B\u00f6hm arbeitet im IT-Referat der Stadt M\u00fcnchen und ist damit f\u00fcr die digitale Zukunft einer riesigen Beh\u00f6rde zust\u00e4ndig. Es ist ein Job, der viele Herausforderungen mit sich bringt, in dem es sich aber immer wieder lohnt, sich durchzusetzen.\" \/>\n<meta name=\"robots\" content=\"index, follow, max-snippet:-1, max-image-preview:large, max-video-preview:-1\" \/>\n<link rel=\"canonical\" href=\"https:\/\/www.community.tum.de\/en\/nina-boehm\/\" \/>\n<meta property=\"og:locale\" content=\"en_US\" \/>\n<meta property=\"og:type\" content=\"article\" \/>\n<meta property=\"og:title\" content=\"B\u00f6hm, Nina - TUM Community\" \/>\n<meta property=\"og:description\" content=\"Nina B\u00f6hm arbeitet im IT-Referat der Stadt M\u00fcnchen und ist damit f\u00fcr die digitale Zukunft einer riesigen Beh\u00f6rde zust\u00e4ndig. Es ist ein Job, der viele Herausforderungen mit sich bringt, in dem es sich aber immer wieder lohnt, sich durchzusetzen.\" \/>\n<meta property=\"og:url\" content=\"https:\/\/www.community.tum.de\/en\/nina-boehm\/\" \/>\n<meta property=\"og:site_name\" content=\"TUM Community\" \/>\n<meta property=\"article:published_time\" content=\"2026-03-13T16:40:23+00:00\" \/>\n<meta property=\"article:modified_time\" content=\"2026-03-13T16:56:03+00:00\" \/>\n<meta property=\"og:image\" content=\"https:\/\/www.community.tum.de\/wp-content\/uploads\/2026\/03\/ProfilNina3_neu.jpg\" \/>\n\t<meta property=\"og:image:width\" content=\"1920\" \/>\n\t<meta property=\"og:image:height\" content=\"2270\" \/>\n\t<meta property=\"og:image:type\" content=\"image\/jpeg\" \/>\n<meta name=\"author\" content=\"Eva Willkomm\" \/>\n<meta name=\"twitter:card\" content=\"summary_large_image\" \/>\n<meta name=\"twitter:label1\" content=\"Written by\" \/>\n\t<meta name=\"twitter:data1\" content=\"Eva Willkomm\" \/>\n\t<meta name=\"twitter:label2\" content=\"Est. reading time\" \/>\n\t<meta name=\"twitter:data2\" content=\"6 minutes\" \/>\n<script type=\"application\/ld+json\" class=\"yoast-schema-graph\">{\"@context\":\"https:\\\/\\\/schema.org\",\"@graph\":[{\"@type\":\"Article\",\"@id\":\"https:\\\/\\\/www.community.tum.de\\\/en\\\/nina-boehm\\\/#article\",\"isPartOf\":{\"@id\":\"https:\\\/\\\/www.community.tum.de\\\/en\\\/nina-boehm\\\/\"},\"author\":{\"name\":\"Eva Willkomm\",\"@id\":\"https:\\\/\\\/www.community.tum.de\\\/en\\\/#\\\/schema\\\/person\\\/2251289396d3b240fc06c770604c8a3a\"},\"headline\":\"B\u00f6hm, Nina\",\"datePublished\":\"2026-03-13T16:40:23+00:00\",\"dateModified\":\"2026-03-13T16:56:03+00:00\",\"mainEntityOfPage\":{\"@id\":\"https:\\\/\\\/www.community.tum.de\\\/en\\\/nina-boehm\\\/\"},\"wordCount\":3,\"publisher\":{\"@id\":\"https:\\\/\\\/www.community.tum.de\\\/en\\\/#organization\"},\"image\":{\"@id\":\"https:\\\/\\\/www.community.tum.de\\\/en\\\/nina-boehm\\\/#primaryimage\"},\"thumbnailUrl\":\"https:\\\/\\\/www.community.tum.de\\\/wp-content\\\/uploads\\\/2026\\\/03\\\/ProfilNina3_neu.jpg\",\"articleSection\":[\"Alumni in digitalization\",\"Doctorate at TUM\"],\"inLanguage\":\"en-US\"},{\"@type\":\"WebPage\",\"@id\":\"https:\\\/\\\/www.community.tum.de\\\/en\\\/nina-boehm\\\/\",\"url\":\"https:\\\/\\\/www.community.tum.de\\\/en\\\/nina-boehm\\\/\",\"name\":\"B\u00f6hm, Nina - TUM Community\",\"isPartOf\":{\"@id\":\"https:\\\/\\\/www.community.tum.de\\\/en\\\/#website\"},\"primaryImageOfPage\":{\"@id\":\"https:\\\/\\\/www.community.tum.de\\\/en\\\/nina-boehm\\\/#primaryimage\"},\"image\":{\"@id\":\"https:\\\/\\\/www.community.tum.de\\\/en\\\/nina-boehm\\\/#primaryimage\"},\"thumbnailUrl\":\"https:\\\/\\\/www.community.tum.de\\\/wp-content\\\/uploads\\\/2026\\\/03\\\/ProfilNina3_neu.jpg\",\"datePublished\":\"2026-03-13T16:40:23+00:00\",\"dateModified\":\"2026-03-13T16:56:03+00:00\",\"description\":\"Nina B\u00f6hm arbeitet im IT-Referat der Stadt M\u00fcnchen und ist damit f\u00fcr die digitale Zukunft einer riesigen Beh\u00f6rde zust\u00e4ndig. Es ist ein Job, der viele Herausforderungen mit sich bringt, in dem es sich aber immer wieder lohnt, sich durchzusetzen.\",\"breadcrumb\":{\"@id\":\"https:\\\/\\\/www.community.tum.de\\\/en\\\/nina-boehm\\\/#breadcrumb\"},\"inLanguage\":\"en-US\",\"potentialAction\":[{\"@type\":\"ReadAction\",\"target\":[\"https:\\\/\\\/www.community.tum.de\\\/en\\\/nina-boehm\\\/\"]}]},{\"@type\":\"ImageObject\",\"inLanguage\":\"en-US\",\"@id\":\"https:\\\/\\\/www.community.tum.de\\\/en\\\/nina-boehm\\\/#primaryimage\",\"url\":\"https:\\\/\\\/www.community.tum.de\\\/wp-content\\\/uploads\\\/2026\\\/03\\\/ProfilNina3_neu.jpg\",\"contentUrl\":\"https:\\\/\\\/www.community.tum.de\\\/wp-content\\\/uploads\\\/2026\\\/03\\\/ProfilNina3_neu.jpg\",\"width\":1920,\"height\":2270,\"caption\":\"Nina B\u00f6hm (Photo: Wouter Oudemans).\"},{\"@type\":\"BreadcrumbList\",\"@id\":\"https:\\\/\\\/www.community.tum.de\\\/en\\\/nina-boehm\\\/#breadcrumb\",\"itemListElement\":[{\"@type\":\"ListItem\",\"position\":1,\"name\":\"Home\",\"item\":\"https:\\\/\\\/www.community.tum.de\\\/en\\\/\"},{\"@type\":\"ListItem\",\"position\":2,\"name\":\"B\u00f6hm, Nina\"}]},{\"@type\":\"WebSite\",\"@id\":\"https:\\\/\\\/www.community.tum.de\\\/en\\\/#website\",\"url\":\"https:\\\/\\\/www.community.tum.de\\\/en\\\/\",\"name\":\"TUM Community\",\"description\":\"Technische Universit\u00e4t M\u00fcnchen\",\"publisher\":{\"@id\":\"https:\\\/\\\/www.community.tum.de\\\/en\\\/#organization\"},\"potentialAction\":[{\"@type\":\"SearchAction\",\"target\":{\"@type\":\"EntryPoint\",\"urlTemplate\":\"https:\\\/\\\/www.community.tum.de\\\/en\\\/?s={search_term_string}\"},\"query-input\":{\"@type\":\"PropertyValueSpecification\",\"valueRequired\":true,\"valueName\":\"search_term_string\"}}],\"inLanguage\":\"en-US\"},{\"@type\":\"Organization\",\"@id\":\"https:\\\/\\\/www.community.tum.de\\\/en\\\/#organization\",\"name\":\"TUM Community\",\"url\":\"https:\\\/\\\/www.community.tum.de\\\/en\\\/\",\"logo\":{\"@type\":\"ImageObject\",\"inLanguage\":\"en-US\",\"@id\":\"https:\\\/\\\/www.community.tum.de\\\/en\\\/#\\\/schema\\\/logo\\\/image\\\/\",\"url\":\"https:\\\/\\\/www.community.tum.de\\\/wp-content\\\/uploads\\\/2020\\\/07\\\/logo.svg\",\"contentUrl\":\"https:\\\/\\\/www.community.tum.de\\\/wp-content\\\/uploads\\\/2020\\\/07\\\/logo.svg\",\"width\":73,\"height\":38,\"caption\":\"TUM Community\"},\"image\":{\"@id\":\"https:\\\/\\\/www.community.tum.de\\\/en\\\/#\\\/schema\\\/logo\\\/image\\\/\"}},{\"@type\":\"Person\",\"@id\":\"https:\\\/\\\/www.community.tum.de\\\/en\\\/#\\\/schema\\\/person\\\/2251289396d3b240fc06c770604c8a3a\",\"name\":\"Eva Willkomm\",\"image\":{\"@type\":\"ImageObject\",\"inLanguage\":\"en-US\",\"@id\":\"https:\\\/\\\/secure.gravatar.com\\\/avatar\\\/10b608f62ec6b6120184898a285cca89d7179780c86a81ce6456fa23b6cdbd50?s=96&d=mm&r=g\",\"url\":\"https:\\\/\\\/secure.gravatar.com\\\/avatar\\\/10b608f62ec6b6120184898a285cca89d7179780c86a81ce6456fa23b6cdbd50?s=96&d=mm&r=g\",\"contentUrl\":\"https:\\\/\\\/secure.gravatar.com\\\/avatar\\\/10b608f62ec6b6120184898a285cca89d7179780c86a81ce6456fa23b6cdbd50?s=96&d=mm&r=g\",\"caption\":\"Eva Willkomm\"},\"url\":\"https:\\\/\\\/www.community.tum.de\\\/en\\\/author\\\/eva-willkomm\\\/\"}]}<\/script>\n<!-- \/ Yoast SEO plugin. -->","yoast_head_json":{"title":"B\u00f6hm, Nina - TUM Community","description":"Nina B\u00f6hm arbeitet im IT-Referat der Stadt M\u00fcnchen und ist damit f\u00fcr die digitale Zukunft einer riesigen Beh\u00f6rde zust\u00e4ndig. Es ist ein Job, der viele Herausforderungen mit sich bringt, in dem es sich aber immer wieder lohnt, sich durchzusetzen.","robots":{"index":"index","follow":"follow","max-snippet":"max-snippet:-1","max-image-preview":"max-image-preview:large","max-video-preview":"max-video-preview:-1"},"canonical":"https:\/\/www.community.tum.de\/en\/nina-boehm\/","og_locale":"en_US","og_type":"article","og_title":"B\u00f6hm, Nina - TUM Community","og_description":"Nina B\u00f6hm arbeitet im IT-Referat der Stadt M\u00fcnchen und ist damit f\u00fcr die digitale Zukunft einer riesigen Beh\u00f6rde zust\u00e4ndig. Es ist ein Job, der viele Herausforderungen mit sich bringt, in dem es sich aber immer wieder lohnt, sich durchzusetzen.","og_url":"https:\/\/www.community.tum.de\/en\/nina-boehm\/","og_site_name":"TUM Community","article_published_time":"2026-03-13T16:40:23+00:00","article_modified_time":"2026-03-13T16:56:03+00:00","og_image":[{"width":1920,"height":2270,"url":"https:\/\/www.community.tum.de\/wp-content\/uploads\/2026\/03\/ProfilNina3_neu.jpg","type":"image\/jpeg"}],"author":"Eva Willkomm","twitter_card":"summary_large_image","twitter_misc":{"Written by":"Eva Willkomm","Est. reading time":"6 minutes"},"schema":{"@context":"https:\/\/schema.org","@graph":[{"@type":"Article","@id":"https:\/\/www.community.tum.de\/en\/nina-boehm\/#article","isPartOf":{"@id":"https:\/\/www.community.tum.de\/en\/nina-boehm\/"},"author":{"name":"Eva Willkomm","@id":"https:\/\/www.community.tum.de\/en\/#\/schema\/person\/2251289396d3b240fc06c770604c8a3a"},"headline":"B\u00f6hm, Nina","datePublished":"2026-03-13T16:40:23+00:00","dateModified":"2026-03-13T16:56:03+00:00","mainEntityOfPage":{"@id":"https:\/\/www.community.tum.de\/en\/nina-boehm\/"},"wordCount":3,"publisher":{"@id":"https:\/\/www.community.tum.de\/en\/#organization"},"image":{"@id":"https:\/\/www.community.tum.de\/en\/nina-boehm\/#primaryimage"},"thumbnailUrl":"https:\/\/www.community.tum.de\/wp-content\/uploads\/2026\/03\/ProfilNina3_neu.jpg","articleSection":["Alumni in digitalization","Doctorate at TUM"],"inLanguage":"en-US"},{"@type":"WebPage","@id":"https:\/\/www.community.tum.de\/en\/nina-boehm\/","url":"https:\/\/www.community.tum.de\/en\/nina-boehm\/","name":"B\u00f6hm, Nina - TUM Community","isPartOf":{"@id":"https:\/\/www.community.tum.de\/en\/#website"},"primaryImageOfPage":{"@id":"https:\/\/www.community.tum.de\/en\/nina-boehm\/#primaryimage"},"image":{"@id":"https:\/\/www.community.tum.de\/en\/nina-boehm\/#primaryimage"},"thumbnailUrl":"https:\/\/www.community.tum.de\/wp-content\/uploads\/2026\/03\/ProfilNina3_neu.jpg","datePublished":"2026-03-13T16:40:23+00:00","dateModified":"2026-03-13T16:56:03+00:00","description":"Nina B\u00f6hm arbeitet im IT-Referat der Stadt M\u00fcnchen und ist damit f\u00fcr die digitale Zukunft einer riesigen Beh\u00f6rde zust\u00e4ndig. Es ist ein Job, der viele Herausforderungen mit sich bringt, in dem es sich aber immer wieder lohnt, sich durchzusetzen.","breadcrumb":{"@id":"https:\/\/www.community.tum.de\/en\/nina-boehm\/#breadcrumb"},"inLanguage":"en-US","potentialAction":[{"@type":"ReadAction","target":["https:\/\/www.community.tum.de\/en\/nina-boehm\/"]}]},{"@type":"ImageObject","inLanguage":"en-US","@id":"https:\/\/www.community.tum.de\/en\/nina-boehm\/#primaryimage","url":"https:\/\/www.community.tum.de\/wp-content\/uploads\/2026\/03\/ProfilNina3_neu.jpg","contentUrl":"https:\/\/www.community.tum.de\/wp-content\/uploads\/2026\/03\/ProfilNina3_neu.jpg","width":1920,"height":2270,"caption":"Nina B\u00f6hm (Photo: Wouter Oudemans)."},{"@type":"BreadcrumbList","@id":"https:\/\/www.community.tum.de\/en\/nina-boehm\/#breadcrumb","itemListElement":[{"@type":"ListItem","position":1,"name":"Home","item":"https:\/\/www.community.tum.de\/en\/"},{"@type":"ListItem","position":2,"name":"B\u00f6hm, Nina"}]},{"@type":"WebSite","@id":"https:\/\/www.community.tum.de\/en\/#website","url":"https:\/\/www.community.tum.de\/en\/","name":"TUM Community","description":"Technische Universit\u00e4t M\u00fcnchen","publisher":{"@id":"https:\/\/www.community.tum.de\/en\/#organization"},"potentialAction":[{"@type":"SearchAction","target":{"@type":"EntryPoint","urlTemplate":"https:\/\/www.community.tum.de\/en\/?s={search_term_string}"},"query-input":{"@type":"PropertyValueSpecification","valueRequired":true,"valueName":"search_term_string"}}],"inLanguage":"en-US"},{"@type":"Organization","@id":"https:\/\/www.community.tum.de\/en\/#organization","name":"TUM Community","url":"https:\/\/www.community.tum.de\/en\/","logo":{"@type":"ImageObject","inLanguage":"en-US","@id":"https:\/\/www.community.tum.de\/en\/#\/schema\/logo\/image\/","url":"https:\/\/www.community.tum.de\/wp-content\/uploads\/2020\/07\/logo.svg","contentUrl":"https:\/\/www.community.tum.de\/wp-content\/uploads\/2020\/07\/logo.svg","width":73,"height":38,"caption":"TUM Community"},"image":{"@id":"https:\/\/www.community.tum.de\/en\/#\/schema\/logo\/image\/"}},{"@type":"Person","@id":"https:\/\/www.community.tum.de\/en\/#\/schema\/person\/2251289396d3b240fc06c770604c8a3a","name":"Eva Willkomm","image":{"@type":"ImageObject","inLanguage":"en-US","@id":"https:\/\/secure.gravatar.com\/avatar\/10b608f62ec6b6120184898a285cca89d7179780c86a81ce6456fa23b6cdbd50?s=96&d=mm&r=g","url":"https:\/\/secure.gravatar.com\/avatar\/10b608f62ec6b6120184898a285cca89d7179780c86a81ce6456fa23b6cdbd50?s=96&d=mm&r=g","contentUrl":"https:\/\/secure.gravatar.com\/avatar\/10b608f62ec6b6120184898a285cca89d7179780c86a81ce6456fa23b6cdbd50?s=96&d=mm&r=g","caption":"Eva Willkomm"},"url":"https:\/\/www.community.tum.de\/en\/author\/eva-willkomm\/"}]}},"_links":{"self":[{"href":"https:\/\/www.community.tum.de\/en\/wp-json\/wp\/v2\/posts\/101940","targetHints":{"allow":["GET"]}}],"collection":[{"href":"https:\/\/www.community.tum.de\/en\/wp-json\/wp\/v2\/posts"}],"about":[{"href":"https:\/\/www.community.tum.de\/en\/wp-json\/wp\/v2\/types\/post"}],"author":[{"embeddable":true,"href":"https:\/\/www.community.tum.de\/en\/wp-json\/wp\/v2\/users\/1119"}],"replies":[{"embeddable":true,"href":"https:\/\/www.community.tum.de\/en\/wp-json\/wp\/v2\/comments?post=101940"}],"version-history":[{"count":4,"href":"https:\/\/www.community.tum.de\/en\/wp-json\/wp\/v2\/posts\/101940\/revisions"}],"predecessor-version":[{"id":101978,"href":"https:\/\/www.community.tum.de\/en\/wp-json\/wp\/v2\/posts\/101940\/revisions\/101978"}],"wp:featuredmedia":[{"embeddable":true,"href":"https:\/\/www.community.tum.de\/en\/wp-json\/wp\/v2\/media\/101926"}],"wp:attachment":[{"href":"https:\/\/www.community.tum.de\/en\/wp-json\/wp\/v2\/media?parent=101940"}],"wp:term":[{"taxonomy":"category","embeddable":true,"href":"https:\/\/www.community.tum.de\/en\/wp-json\/wp\/v2\/categories?post=101940"},{"taxonomy":"post_tag","embeddable":true,"href":"https:\/\/www.community.tum.de\/en\/wp-json\/wp\/v2\/tags?post=101940"}],"curies":[{"name":"wp","href":"https:\/\/api.w.org\/{rel}","templated":true}]}}